[{"@context":"https:\/\/schema.org\/","@type":"Article","@id":"https:\/\/www.bqs.cz\/nase-spolecnost\/#Article","mainEntityOfPage":"https:\/\/www.bqs.cz\/nase-spolecnost\/","headline":"Na\u0161e spole\u010dnost","name":"Na\u0161e spole\u010dnost","description":"Ve\u00a0spole\u010dnosti\u00a0se c\u00edt\u00edm velmi dob\u0159e. Jsem hodn\u011b\u00a0spole\u010densk\u00fd\u00a0\u010dlov\u011bk a\u00a0kdybych\u00a0m\u011bla b\u00fdt n\u011bkde sama, tak bych moc r\u00e1da nebyla. A je hodn\u011b zaj\u00edmav\u00e9, \u017ee jsem jinak introvert. Jde to v\u016fbec dohromady? B\u00fdt\u00a0introvert\u00a0a m\u00edt\u00a0r\u00e1d spole\u010dnost?\u00a0Nikdy\u00a0jsem o tom\u00a0nep\u0159em\u00fd\u0161lela, dokud jsem nebyla na prezentaci\u00a0pr\u00e1v\u011b\u00a0zm\u00edn\u011bn\u00fdch lidsk\u00fdch povahov\u00fdch rys\u016f. byla to velmi p\u011bkn\u00e1 p\u0159edn\u00e1\u0161ka a taky spole\u010dnosti byla prima.","datePublished":"2021-12-16","dateModified":"2023-05-23","author":{"@type":"Person","@id":"https:\/\/www.bqs.cz\/author\/#Person","name":"","url":"https:\/\/www.bqs.cz\/author\/","identifier":1,"image":{"@type":"ImageObject","@id":"https:\/\/secure.gravatar.com\/avatar\/8eaf08ef5a7e54fc91db02b2058b03bc913caaaa39c046819bbf43d06bd23c2b?s=96&d=mm&r=g","url":"https:\/\/secure.gravatar.com\/avatar\/8eaf08ef5a7e54fc91db02b2058b03bc913caaaa39c046819bbf43d06bd23c2b?s=96&d=mm&r=g","height":96,"width":96}},"publisher":{"@type":"Organization","name":"bqs.cz","logo":{"@type":"ImageObject","@id":"\/logo.png","url":"\/logo.png","width":600,"height":60}},"image":{"@type":"ImageObject","@id":"https:\/\/www.bqs.cz\/wp-content\/uploads\/gym-room-1180062_960_720_1.jpg","url":"https:\/\/www.bqs.cz\/wp-content\/uploads\/gym-room-1180062_960_720_1.jpg","height":0,"width":0},"url":"https:\/\/www.bqs.cz\/nase-spolecnost\/","about":["Spole\u010dnost"],"wordCount":459,"articleBody":"Ve\u00a0spole\u010dnosti\u00a0se c\u00edt\u00edm velmi dob\u0159e. Jsem hodn\u011b\u00a0spole\u010densk\u00fd\u00a0\u010dlov\u011bk a\u00a0kdybych\u00a0m\u011bla b\u00fdt n\u011bkde sama, tak bych moc r\u00e1da nebyla. A je hodn\u011b zaj\u00edmav\u00e9, \u017ee jsem jinak introvert. Jde to v\u016fbec dohromady? B\u00fdt\u00a0introvert\u00a0a m\u00edt\u00a0r\u00e1d spole\u010dnost?\u00a0Nikdy\u00a0jsem o tom\u00a0nep\u0159em\u00fd\u0161lela, dokud jsem nebyla na prezentaci\u00a0pr\u00e1v\u011b\u00a0zm\u00edn\u011bn\u00fdch lidsk\u00fdch povahov\u00fdch rys\u016f. byla to velmi p\u011bkn\u00e1 p\u0159edn\u00e1\u0161ka a taky spole\u010dnosti byla prima. Dokud se lidi mezi sebou neza\u010daly bavit. Je mi hodn\u011b trapn\u00e9 a styd\u00edm se, kdy\u017e\u00a0mus\u00edm s\u00a0n\u011bk\u00fdm ciz\u00edm mluvit.\u00a0V\u016fbec\u00a0nev\u00edm ro\u010d, p\u0159itom\u00a0bych\u00a0si tak moc r\u00e1da pov\u00eddala. \u017diji na vesnici,\u00a0kde\u00a0jsou sam\u00e9 d\u016fchodce, a tak si\u00a0nejsem\u00a0moc\u00a0zvykl\u00e1\u00a0na jinou\u00a0spole\u010dnost. Sice se s d\u016fchodci hodn\u011b a \u010dasto bav\u00ed, chod\u00edme spolu na k\u00e1vu a st\u0159\u00edd\u00e1me to, ale jinak jsem hodn\u011b uzav\u0159en\u00e1. Nebo \u017ee by m\u011b\u00a0nebavila\u00a0t\u00e9mata lid\u00ed, o kter\u00fdch se\u00a0bav\u00ed\u00a0lidi v m\u00e9m v\u011bku? V\u016fbec nev\u00edm.Ale je pravda, \u017ee nem\u00e1m moc smyslu pro humor.\u00a0Nebo\u00a0mo\u017en\u00e1 ano, ale je\u0161t\u011b jsem ho u sebe\u00a0neobjevila. V\u016fbec se nedok\u00e1\u017eu sm\u00e1t vtip\u016fm, kter\u00fdm se t\u0159eba sm\u011bj\u00ed v\u0161ichni.\u00a0V\u016fbec\u00a0nev\u00edm. Sice ten vtip v\u017edycky pochop\u00edm, ale m\u011b vtipn\u00fd v\u016fbec\u00a0nep\u0159ijde\u00a0a nev\u00edm pro\u010d. V\u011bt\u0161ina vtip\u016f mi p\u0159ijde hodn\u011b trapn\u00fdch.\u00a0Rad\u011bji\u00a0m\u00e1m kolem sebe lidi, kte\u0159\u00ed se\u00a0bav\u00ed\u00a0o v\u00e1\u017en\u011bj\u0161\u00edch t\u00e9matech. Sice ano, m\u00e1m r\u00e1da drby a taky se v nich vy\u017e\u00edv\u00e1m, ale \u010deho je moc, toho je p\u0159\u00edli\u0161. Nebo taky\u00a0v\u016fbec\u00a0nerozum\u00edm tomu, kdy\u017e je spole\u010dnosti\u00a0n\u011bkdo\u00a0nap\u0159\u00edklad\u00a0zakopne. A v\u0161ichni se sm\u011bj\u00ed. M\u011b to v\u016fbec vtipn\u00e9 nep\u0159ijde. Nebo kdy\u017e se\u00a0n\u011bkdo\u00a0p\u0159e\u0159ekne nebo si splete slovo. V\u0161ichni okolo m\u011b se sm\u011bj\u00ed a maj\u00ed trapn\u00e9 pozn\u00e1mky, ale m\u011b to p\u0159e\u0159eknut\u00ed v\u016fbec\u00a0nebere. Prost\u011b se \u010dlov\u011bk spletl a co je na tom? N\u011bkdy na to ani nereaguji,\u00a0proto\u017ee\u00a0v\u00edm, jak to to \u010dlov\u011bk myslel, tak\u00a0pro\u010d\u00a0ho p\u0159eru\u0161ovat ve v\u011bt\u011b a\u00a0rozhovoru? N\u011bkdy je\u00a0spole\u010dnost\u00a0v\u00e1\u017en\u011b divn\u00e1. M\u00e1m dva moje nejlep\u0161\u00ed\u00a0kamar\u00e1dky, ale ty maj\u00ed taky zaj\u00edmav\u00fd smyl pro humor, ale sm\u011bji se\u00a0s nimi, aby se ne\u0159eklo. Douf\u00e1m, \u017ee\u00a0n\u011bkdy\u00a0budu m\u00edt\u00a0velk\u00fd\u00a0smysl\u00a0pro humor.                                                                                                                                                                                                                                                                                                                                                                                        3.3\/5 - (7 votes)        "},{"@context":"https:\/\/schema.org\/","@type":"BreadcrumbList","itemListElement":[{"@type":"ListItem","position":1,"name":"Na\u0161e spole\u010dnost","item":"https:\/\/www.bqs.cz\/nase-spolecnost\/#breadcrumbitem"}]}]